{"id":1967,"date":"2024-07-01T11:54:57","date_gmt":"2024-07-01T11:54:57","guid":{"rendered":"http:\/\/www.stu-ulkeb\u00f8ldam.dk\/?p=1967"},"modified":"2024-07-01T11:54:59","modified_gmt":"2024-07-01T11:54:59","slug":"dimission-2024","status":"publish","type":"post","link":"http:\/\/www.stu-ulkeb\u00f8ldam.dk\/?p=1967","title":{"rendered":"Dimission 2024"},"content":{"rendered":"\n<p>S\u00e5 blev det tid til den \u00e5rlige dimission her STU-Ulkeb\u00f8ldam. I \u00e5r havde vi 13 elever som skulle dimittere, hvilket vi er utrolig stolte og glade over. Vi havde vanen tro, telte oppe i haven og vejrguderne var med os. Alle havde medbragt familie og det var en rigtig hyggelig dag. Nu er alle elevene g\u00e5et p\u00e5 sommerferie, og vi starter op igen den 12 august. Der starter denne dag 12 nye elever, hvilket vi gl\u00e6der os meget til. Tusind tak for \u00e5ret der er g\u00e5et, det har v\u00e6ret en forn\u00f8jelse.<\/p>\n\n\n\n<p>Kan i alle have en rigtig god sommer:)<\/p>\n\n\n\n<figure class=\"wp-block-image size-full\"><img decoding=\"async\" loading=\"lazy\" width=\"1024\" height=\"768\" src=\"http:\/\/www.stu-ulkeb\u00f8ldam.dk\/wp-content\/uploads\/2024\/07\/Dimittender-2024.jpeg\" alt=\"\" class=\"wp-image-1968\" srcset=\"http:\/\/www.stu-ulkeb\u00f8ldam.dk\/wp-content\/uploads\/2024\/07\/Dimittender-2024.jpeg 1024w, http:\/\/www.stu-ulkeb\u00f8ldam.dk\/wp-content\/uploads\/2024\/07\/Dimittender-2024-300x225.jpeg 300w, http:\/\/www.stu-ulkeb\u00f8ldam.dk\/wp-content\/uploads\/2024\/07\/Dimittender-2024-768x576.jpeg 768w\" sizes=\"(max-width: 1024px) 100vw, 1024px\" \/><\/figure>\n\n\n\n<p>Fra venstre \u00f8verst: Mohamad El- Ghaoche, Junior Kisimba, Oliver Nielsen, Sebastian Junk, Mathias Hildebrandt, Bethany Brachwitz<\/p>\n\n\n\n<p>Fra venstre nederst: Kevin Larsen, Malene Petersen, Mathias Nielsen, Mathias S\u00f8rensen, Tom Sonnichsen, Silas Rotzler. Ikke p\u00e5 billedet: Jacob Jensen<\/p>\n ","protected":false},"excerpt":{"rendered":"<p>S\u00e5 blev det tid til den \u00e5rlige dimission her STU-Ulkeb\u00f8ldam. I \u00e5r havde vi 13 elever som skulle dimittere, hvilket vi er utrolig stolte og glade over. Vi havde vanen tro, telte oppe i haven og vejrguderne var med os. Alle havde medbragt familie og det var en rigtig hyggelig dag. Nu er alle elevene &hellip; <a href=\"http:\/\/www.stu-ulkeb\u00f8ldam.dk\/?p=1967\" class=\"more-link\">L\u00e6s videre <span class=\"screen-reader-text\">Dimission 2024<\/span> <span class=\"meta-nav\">&rarr;<\/span><\/a><\/p>\n","protected":false},"author":3,"featured_media":0,"comment_status":"open","ping_status":"open","sticky":false,"template":"","format":"standard","meta":[],"categories":[1],"tags":[],"yoast_head":"<!-- This site is optimized with the Yoast SEO plugin v19.4 - https:\/\/yoast.com\/wordpress\/plugins\/seo\/ -->\n<title>Dimission 2024 - STU-Ulkeb\u00f8ldam<\/title>\n<meta name=\"robots\" content=\"index, follow, max-snippet:-1, max-image-preview:large, max-video-preview:-1\" \/>\n<link rel=\"canonical\" href=\"http:\/\/www.stu-ulkeb\u00f8ldam.dk\/?p=1967\" \/>\n<meta property=\"og:locale\" content=\"da_DK\" \/>\n<meta property=\"og:type\" content=\"article\" \/>\n<meta property=\"og:title\" content=\"Dimission 2024 - STU-Ulkeb\u00f8ldam\" \/>\n<meta property=\"og:description\" content=\"S\u00e5 blev det tid til den \u00e5rlige dimission her STU-Ulkeb\u00f8ldam. I \u00e5r havde vi 13 elever som skulle dimittere, hvilket vi er utrolig stolte og glade over. Vi havde vanen tro, telte oppe i haven og vejrguderne var med os. Alle havde medbragt familie og det var en rigtig hyggelig dag. Nu er alle elevene &hellip; L\u00e6s videre Dimission 2024 &rarr;\" \/>\n<meta property=\"og:url\" content=\"http:\/\/www.stu-ulkeb\u00f8ldam.dk\/?p=1967\" \/>\n<meta property=\"og:site_name\" content=\"STU-Ulkeb\u00f8ldam\" \/>\n<meta property=\"article:publisher\" content=\"https:\/\/www.facebook.com\/groups\/673942635972726\/?fb_dtsg_ag=AdzoCEilAgSGtsBHsmtxuVQO3YB6z-Pa5QD7Rcccj841Qw%3aAdyhV7ar_ltBh-a1YSIPE8AWSyLJVrhmrhn91Vnn_KF1Tw\" \/>\n<meta property=\"article:published_time\" content=\"2024-07-01T11:54:57+00:00\" \/>\n<meta property=\"article:modified_time\" content=\"2024-07-01T11:54:59+00:00\" \/>\n<meta name=\"author\" content=\"Bent Brinckmann\" \/>\n<meta name=\"twitter:card\" content=\"summary_large_image\" \/>\n<meta name=\"twitter:label1\" content=\"Skrevet af\" \/>\n\t<meta name=\"twitter:data1\" content=\"Bent Brinckmann\" \/>\n\t<meta name=\"twitter:label2\" content=\"Estimeret l\u00e6setid\" \/>\n\t<meta name=\"twitter:data2\" content=\"1 minut\" \/>\n<script type=\"application\/ld+json\" class=\"yoast-schema-graph\">{\"@context\":\"https:\/\/schema.org\",\"@graph\":[{\"@type\":\"Organization\",\"@id\":\"http:\/\/www.stu-ulkeb\u00f8ldam.dk\/#organization\",\"name\":\"STU-Ulkeb\u00f8ldam\",\"url\":\"http:\/\/www.stu-ulkeb\u00f8ldam.dk\/\",\"sameAs\":[\"https:\/\/www.facebook.com\/groups\/673942635972726\/?fb_dtsg_ag=AdzoCEilAgSGtsBHsmtxuVQO3YB6z-Pa5QD7Rcccj841Qw:AdyhV7ar_ltBh-a1YSIPE8AWSyLJVrhmrhn91Vnn_KF1Tw\"],\"logo\":{\"@type\":\"ImageObject\",\"inLanguage\":\"da-DK\",\"@id\":\"http:\/\/www.stu-ulkeb\u00f8ldam.dk\/#\/schema\/logo\/image\/\",\"url\":\"http:\/\/www.stu-ulkeb\u00f8ldam.dk\/wp-content\/uploads\/2018\/01\/IMG_2749.jpg\",\"contentUrl\":\"http:\/\/www.stu-ulkeb\u00f8ldam.dk\/wp-content\/uploads\/2018\/01\/IMG_2749.jpg\",\"width\":4032,\"height\":3024,\"caption\":\"STU-Ulkeb\u00f8ldam\"},\"image\":{\"@id\":\"http:\/\/www.stu-ulkeb\u00f8ldam.dk\/#\/schema\/logo\/image\/\"}},{\"@type\":\"WebSite\",\"@id\":\"http:\/\/www.stu-ulkeb\u00f8ldam.dk\/#website\",\"url\":\"http:\/\/www.stu-ulkeb\u00f8ldam.dk\/\",\"name\":\"STU-Ulkeb\u00f8ldam\",\"description\":\"Unge med s\u00e6rlige behov\",\"publisher\":{\"@id\":\"http:\/\/www.stu-ulkeb\u00f8ldam.dk\/#organization\"},\"potentialAction\":[{\"@type\":\"SearchAction\",\"target\":{\"@type\":\"EntryPoint\",\"urlTemplate\":\"http:\/\/www.stu-ulkeb\u00f8ldam.dk\/?s={search_term_string}\"},\"query-input\":\"required name=search_term_string\"}],\"inLanguage\":\"da-DK\"},{\"@type\":\"WebPage\",\"@id\":\"http:\/\/www.stu-ulkeb\u00f8ldam.dk\/?p=1967\",\"url\":\"http:\/\/www.stu-ulkeb\u00f8ldam.dk\/?p=1967\",\"name\":\"Dimission 2024 - STU-Ulkeb\u00f8ldam\",\"isPartOf\":{\"@id\":\"http:\/\/www.stu-ulkeb\u00f8ldam.dk\/#website\"},\"datePublished\":\"2024-07-01T11:54:57+00:00\",\"dateModified\":\"2024-07-01T11:54:59+00:00\",\"breadcrumb\":{\"@id\":\"http:\/\/www.stu-ulkeb\u00f8ldam.dk\/?p=1967#breadcrumb\"},\"inLanguage\":\"da-DK\",\"potentialAction\":[{\"@type\":\"ReadAction\",\"target\":[\"http:\/\/www.stu-ulkeb\u00f8ldam.dk\/?p=1967\"]}]},{\"@type\":\"BreadcrumbList\",\"@id\":\"http:\/\/www.stu-ulkeb\u00f8ldam.dk\/?p=1967#breadcrumb\",\"itemListElement\":[{\"@type\":\"ListItem\",\"position\":1,\"name\":\"Hjem\",\"item\":\"http:\/\/www.stu-ulkeb\u00f8ldam.dk\/\"},{\"@type\":\"ListItem\",\"position\":2,\"name\":\"Dimission 2024\"}]},{\"@type\":\"Article\",\"@id\":\"http:\/\/www.stu-ulkeb\u00f8ldam.dk\/?p=1967#article\",\"isPartOf\":{\"@id\":\"http:\/\/www.stu-ulkeb\u00f8ldam.dk\/?p=1967\"},\"author\":{\"name\":\"Bent Brinckmann\",\"@id\":\"http:\/\/www.stu-ulkeb\u00f8ldam.dk\/#\/schema\/person\/5dca05568bb90af71d19321107bbd788\"},\"headline\":\"Dimission 2024\",\"datePublished\":\"2024-07-01T11:54:57+00:00\",\"dateModified\":\"2024-07-01T11:54:59+00:00\",\"mainEntityOfPage\":{\"@id\":\"http:\/\/www.stu-ulkeb\u00f8ldam.dk\/?p=1967\"},\"wordCount\":140,\"commentCount\":0,\"publisher\":{\"@id\":\"http:\/\/www.stu-ulkeb\u00f8ldam.dk\/#organization\"},\"articleSection\":[\"Ikke kategoriseret\"],\"inLanguage\":\"da-DK\",\"potentialAction\":[{\"@type\":\"CommentAction\",\"name\":\"Comment\",\"target\":[\"http:\/\/www.stu-ulkeb\u00f8ldam.dk\/?p=1967#respond\"]}]},{\"@type\":\"Person\",\"@id\":\"http:\/\/www.stu-ulkeb\u00f8ldam.dk\/#\/schema\/person\/5dca05568bb90af71d19321107bbd788\",\"name\":\"Bent Brinckmann\",\"image\":{\"@type\":\"ImageObject\",\"inLanguage\":\"da-DK\",\"@id\":\"http:\/\/www.stu-ulkeb\u00f8ldam.dk\/#\/schema\/person\/image\/\",\"url\":\"http:\/\/2.gravatar.com\/avatar\/8bb6fbb8828d9e649c8e88b7c5190329?s=96&d=mm&r=g\",\"contentUrl\":\"http:\/\/2.gravatar.com\/avatar\/8bb6fbb8828d9e649c8e88b7c5190329?s=96&d=mm&r=g\",\"caption\":\"Bent Brinckmann\"},\"sameAs\":[\"http:\/\/STU-Ulkeb\u00f8ldam.dk\"],\"url\":\"http:\/\/www.stu-ulkeb\u00f8ldam.dk\/?author=3\"}]}<\/script>\n<!-- \/ Yoast SEO plugin. -->","yoast_head_json":{"title":"Dimission 2024 - STU-Ulkeb\u00f8ldam","robots":{"index":"index","follow":"follow","max-snippet":"max-snippet:-1","max-image-preview":"max-image-preview:large","max-video-preview":"max-video-preview:-1"},"canonical":"http:\/\/www.stu-ulkeb\u00f8ldam.dk\/?p=1967","og_locale":"da_DK","og_type":"article","og_title":"Dimission 2024 - STU-Ulkeb\u00f8ldam","og_description":"S\u00e5 blev det tid til den \u00e5rlige dimission her STU-Ulkeb\u00f8ldam. I \u00e5r havde vi 13 elever som skulle dimittere, hvilket vi er utrolig stolte og glade over. Vi havde vanen tro, telte oppe i haven og vejrguderne var med os. Alle havde medbragt familie og det var en rigtig hyggelig dag. Nu er alle elevene &hellip; L\u00e6s videre Dimission 2024 &rarr;","og_url":"http:\/\/www.stu-ulkeb\u00f8ldam.dk\/?p=1967","og_site_name":"STU-Ulkeb\u00f8ldam","article_publisher":"https:\/\/www.facebook.com\/groups\/673942635972726\/?fb_dtsg_ag=AdzoCEilAgSGtsBHsmtxuVQO3YB6z-Pa5QD7Rcccj841Qw%3aAdyhV7ar_ltBh-a1YSIPE8AWSyLJVrhmrhn91Vnn_KF1Tw","article_published_time":"2024-07-01T11:54:57+00:00","article_modified_time":"2024-07-01T11:54:59+00:00","author":"Bent Brinckmann","twitter_card":"summary_large_image","twitter_misc":{"Skrevet af":"Bent Brinckmann","Estimeret l\u00e6setid":"1 minut"},"schema":{"@context":"https:\/\/schema.org","@graph":[{"@type":"Organization","@id":"http:\/\/www.stu-ulkeb\u00f8ldam.dk\/#organization","name":"STU-Ulkeb\u00f8ldam","url":"http:\/\/www.stu-ulkeb\u00f8ldam.dk\/","sameAs":["https:\/\/www.facebook.com\/groups\/673942635972726\/?fb_dtsg_ag=AdzoCEilAgSGtsBHsmtxuVQO3YB6z-Pa5QD7Rcccj841Qw:AdyhV7ar_ltBh-a1YSIPE8AWSyLJVrhmrhn91Vnn_KF1Tw"],"logo":{"@type":"ImageObject","inLanguage":"da-DK","@id":"http:\/\/www.stu-ulkeb\u00f8ldam.dk\/#\/schema\/logo\/image\/","url":"http:\/\/www.stu-ulkeb\u00f8ldam.dk\/wp-content\/uploads\/2018\/01\/IMG_2749.jpg","contentUrl":"http:\/\/www.stu-ulkeb\u00f8ldam.dk\/wp-content\/uploads\/2018\/01\/IMG_2749.jpg","width":4032,"height":3024,"caption":"STU-Ulkeb\u00f8ldam"},"image":{"@id":"http:\/\/www.stu-ulkeb\u00f8ldam.dk\/#\/schema\/logo\/image\/"}},{"@type":"WebSite","@id":"http:\/\/www.stu-ulkeb\u00f8ldam.dk\/#website","url":"http:\/\/www.stu-ulkeb\u00f8ldam.dk\/","name":"STU-Ulkeb\u00f8ldam","description":"Unge med s\u00e6rlige behov","publisher":{"@id":"http:\/\/www.stu-ulkeb\u00f8ldam.dk\/#organization"},"potentialAction":[{"@type":"SearchAction","target":{"@type":"EntryPoint","urlTemplate":"http:\/\/www.stu-ulkeb\u00f8ldam.dk\/?s={search_term_string}"},"query-input":"required name=search_term_string"}],"inLanguage":"da-DK"},{"@type":"WebPage","@id":"http:\/\/www.stu-ulkeb\u00f8ldam.dk\/?p=1967","url":"http:\/\/www.stu-ulkeb\u00f8ldam.dk\/?p=1967","name":"Dimission 2024 - STU-Ulkeb\u00f8ldam","isPartOf":{"@id":"http:\/\/www.stu-ulkeb\u00f8ldam.dk\/#website"},"datePublished":"2024-07-01T11:54:57+00:00","dateModified":"2024-07-01T11:54:59+00:00","breadcrumb":{"@id":"http:\/\/www.stu-ulkeb\u00f8ldam.dk\/?p=1967#breadcrumb"},"inLanguage":"da-DK","potentialAction":[{"@type":"ReadAction","target":["http:\/\/www.stu-ulkeb\u00f8ldam.dk\/?p=1967"]}]},{"@type":"BreadcrumbList","@id":"http:\/\/www.stu-ulkeb\u00f8ldam.dk\/?p=1967#breadcrumb","itemListElement":[{"@type":"ListItem","position":1,"name":"Hjem","item":"http:\/\/www.stu-ulkeb\u00f8ldam.dk\/"},{"@type":"ListItem","position":2,"name":"Dimission 2024"}]},{"@type":"Article","@id":"http:\/\/www.stu-ulkeb\u00f8ldam.dk\/?p=1967#article","isPartOf":{"@id":"http:\/\/www.stu-ulkeb\u00f8ldam.dk\/?p=1967"},"author":{"name":"Bent Brinckmann","@id":"http:\/\/www.stu-ulkeb\u00f8ldam.dk\/#\/schema\/person\/5dca05568bb90af71d19321107bbd788"},"headline":"Dimission 2024","datePublished":"2024-07-01T11:54:57+00:00","dateModified":"2024-07-01T11:54:59+00:00","mainEntityOfPage":{"@id":"http:\/\/www.stu-ulkeb\u00f8ldam.dk\/?p=1967"},"wordCount":140,"commentCount":0,"publisher":{"@id":"http:\/\/www.stu-ulkeb\u00f8ldam.dk\/#organization"},"articleSection":["Ikke kategoriseret"],"inLanguage":"da-DK","potentialAction":[{"@type":"CommentAction","name":"Comment","target":["http:\/\/www.stu-ulkeb\u00f8ldam.dk\/?p=1967#respond"]}]},{"@type":"Person","@id":"http:\/\/www.stu-ulkeb\u00f8ldam.dk\/#\/schema\/person\/5dca05568bb90af71d19321107bbd788","name":"Bent Brinckmann","image":{"@type":"ImageObject","inLanguage":"da-DK","@id":"http:\/\/www.stu-ulkeb\u00f8ldam.dk\/#\/schema\/person\/image\/","url":"http:\/\/2.gravatar.com\/avatar\/8bb6fbb8828d9e649c8e88b7c5190329?s=96&d=mm&r=g","contentUrl":"http:\/\/2.gravatar.com\/avatar\/8bb6fbb8828d9e649c8e88b7c5190329?s=96&d=mm&r=g","caption":"Bent Brinckmann"},"sameAs":["http:\/\/STU-Ulkeb\u00f8ldam.dk"],"url":"http:\/\/www.stu-ulkeb\u00f8ldam.dk\/?author=3"}]}},"_links":{"self":[{"href":"http:\/\/www.stu-ulkeb\u00f8ldam.dk\/index.php?rest_route=\/wp\/v2\/posts\/1967"}],"collection":[{"href":"http:\/\/www.stu-ulkeb\u00f8ldam.dk\/index.php?rest_route=\/wp\/v2\/posts"}],"about":[{"href":"http:\/\/www.stu-ulkeb\u00f8ldam.dk\/index.php?rest_route=\/wp\/v2\/types\/post"}],"author":[{"embeddable":true,"href":"http:\/\/www.stu-ulkeb\u00f8ldam.dk\/index.php?rest_route=\/wp\/v2\/users\/3"}],"replies":[{"embeddable":true,"href":"http:\/\/www.stu-ulkeb\u00f8ldam.dk\/index.php?rest_route=%2Fwp%2Fv2%2Fcomments&post=1967"}],"version-history":[{"count":1,"href":"http:\/\/www.stu-ulkeb\u00f8ldam.dk\/index.php?rest_route=\/wp\/v2\/posts\/1967\/revisions"}],"predecessor-version":[{"id":1969,"href":"http:\/\/www.stu-ulkeb\u00f8ldam.dk\/index.php?rest_route=\/wp\/v2\/posts\/1967\/revisions\/1969"}],"wp:attachment":[{"href":"http:\/\/www.stu-ulkeb\u00f8ldam.dk\/index.php?rest_route=%2Fwp%2Fv2%2Fmedia&parent=1967"}],"wp:term":[{"taxonomy":"category","embeddable":true,"href":"http:\/\/www.stu-ulkeb\u00f8ldam.dk\/index.php?rest_route=%2Fwp%2Fv2%2Fcategories&post=1967"},{"taxonomy":"post_tag","embeddable":true,"href":"http:\/\/www.stu-ulkeb\u00f8ldam.dk\/index.php?rest_route=%2Fwp%2Fv2%2Ftags&post=1967"}],"curies":[{"name":"wp","href":"https:\/\/api.w.org\/{rel}","templated":true}]}}